{"id":55,"date":"2024-09-25T14:23:00","date_gmt":"2024-09-25T14:23:00","guid":{"rendered":"https:\/\/www.polipolina.com\/?p=55"},"modified":"2024-09-25T17:54:35","modified_gmt":"2024-09-25T17:54:35","slug":"bader-meinhof-ja-fischer","status":"publish","type":"post","link":"https:\/\/www.polipolina.com\/index.php\/2024\/09\/25\/bader-meinhof-ja-fischer\/","title":{"rendered":"Bader, Meinhof ja&#8230;Fischer"},"content":{"rendered":"\n<p><a href=\"https:\/\/www.polipolina.com\/index.php\/kirjat\/euroopan-historia\/\" data-type=\"page\" data-id=\"69\">Projekti 20:n Euroopan historiaan ja kulttuurin liittyv\u00e4n kirjan lukemiselle<\/a> jatkui suomalaisen Katriina Lehto-Bleckertin kirjalla <strong>Tulisielut<\/strong>(2021). Kirja alaotsikko Tarina Ulrike Meinhofista, Andreas Baaderista ja Joschka Fischerist\u00e4 tiivist\u00e4\u00e4 aika hyvin mist\u00e4 on kyse. T\u00e4m\u00e4 tuntui hyv\u00e4lt\u00e4 palaselta toisen maailmansodan j\u00e4lkeisen Euroopan, \u00e4\u00e4rivasemmiston ja v\u00e4kivaltaan p\u00e4\u00e4tyneiden ihmisten ymm\u00e4rt\u00e4miseen.<\/p>\n\n\n<div class=\"wp-block-image\">\n<figure class=\"aligncenter size-full is-resized\"><img loading=\"lazy\" decoding=\"async\" width=\"458\" height=\"611\" src=\"https:\/\/www.polipolina.com\/wp-content\/uploads\/2024\/08\/image-19.png\" alt=\"Tulisielut kirja\" class=\"wp-image-56\" style=\"width:246px;height:auto\" srcset=\"https:\/\/www.polipolina.com\/wp-content\/uploads\/2024\/08\/image-19.png 458w, https:\/\/www.polipolina.com\/wp-content\/uploads\/2024\/08\/image-19-225x300.png 225w\" sizes=\"auto, (max-width: 458px) 100vw, 458px\" \/><\/figure>\n<\/div>\n\n\n<h4 class=\"wp-block-heading\"><strong>Tiivistelm\u00e4<\/strong><\/h4>\n\n\n\n<p>Tarina Ulrike Meinhofista, Andreas Baaderista ja Joschka Fischerist\u00e4 kuvaa tosiaan hyvin mist\u00e4 on kyse. Kirja alkaa dramaattisella Andreas Baaderin vapauttamisoperaation kuvauksella, mutta jatkuu sen j\u00e4lkeen yleisemm\u00e4ll\u00e4 kuvauksella sotien j\u00e4lkeisest\u00e4 50-luvun lopun ja 60-luvun Saksasta ja siit\u00e4 taustasta, josta 60-luvun \u00e4\u00e4rivasemmisto ponnisti. T\u00e4m\u00e4n j\u00e4lkeen esitell\u00e4\u00e4n kirjan p\u00e4\u00e4hahmot j\u00e4rjestyksess\u00e4 Meinhof-Baader-Ficscher ja vaikka n\u00e4iden suhteita ja vaikutusta toisiinsa kuvataan my\u00f6s lomittain on kirjan alkuosa Meinhof-painotteinen, keskiosa Baader-painotteinen ja loppuosa Fischer-painotteinen.<\/p>\n\n\n\n<figure class=\"wp-block-image size-full\"><img loading=\"lazy\" decoding=\"async\" width=\"1004\" height=\"439\" src=\"https:\/\/www.polipolina.com\/wp-content\/uploads\/2024\/08\/image-20.png\" alt=\"\" class=\"wp-image-57\" srcset=\"https:\/\/www.polipolina.com\/wp-content\/uploads\/2024\/08\/image-20.png 1004w, https:\/\/www.polipolina.com\/wp-content\/uploads\/2024\/08\/image-20-300x131.png 300w, https:\/\/www.polipolina.com\/wp-content\/uploads\/2024\/08\/image-20-768x336.png 768w\" sizes=\"auto, (max-width: 1004px) 100vw, 1004px\" \/><\/figure>\n\n\n\n<p>N\u00e4iden kolmen hahmon sivussa puidaan kuitenkin laajemmin Saksan talousihmeen ajan ummehtuneen konservatiivista ilmapiiri\u00e4, ajan saksalaista puoluepolitiikkaa, L\u00e4nsi-Berliini\u00e4 kommuuneineen ja opiskelijaradikaaleineen, vuotta 68 saksalaisesta perspektiivist\u00e4 ja talonvaltausliikett\u00e4 saapuen kirjan loppupuolella tilanteeseen, jossa Meinhof ja Bader ovat tehneet itsemurhan vankilassa, ja Fischer on laajasti tunnettu eturivin poliitikko.<\/p>\n\n\n\n<h4 class=\"wp-block-heading\"><strong>Meinhof \u2013 Kaiken takana on nainen<\/strong><\/h4>\n\n\n\n<p>Kirjan alkuosa painottuu Ulrike Meinhoffin el\u00e4m\u00e4\u00e4n ennen radikalisoitumista. Vahvojen naisten keskell\u00e4 kasvanut vahva nainen oli 10-vuotias sodan loppuessa ja noin 25-vuotias 50-luvun lopulla siirtyess\u00e4\u00e4n enemm\u00e4n politiikan ja julkisen keskustelun kent\u00e4lle. Tuolloin vaikutti paljon ydinaseiden vastainen mieliala ja yleinen ummehtuneen konservatiivinen ilmapiiri, jossa natsivuosien kauhujen likapyykki\u00e4 ei oltu k\u00e4yty l\u00e4pi ja toisaalta (toki osittain ymm\u00e4rrett\u00e4v\u00e4stikin) natsiajan toimijoita oli viel\u00e4 paljon keskeisiss\u00e4 viroissa ja asemissa.<\/p>\n\n\n\n<p>Meinhofista tulee hampurilaisen Konkret-lehden julkistoimittaja, jota k\u00e4rjistetysti kutsutaan jopa uudeksi Rosa Luxembourgiksi. Ennen rajuinta radikalisoitumista Meinhofin ajatuksissa n\u00e4yttiv\u00e4t vaikuttavan yll\u00e4tt\u00e4v\u00e4nkin paljon p\u00e4iv\u00e4hoitoon ja koulukoteihin sek\u00e4 yhteiskunnan hylk\u00e4\u00e4mimpiin lapsiin liittyiv\u00e4t teemat. Pitk\u00e4lle l\u00e4pi kirjan on edelleen hieman yll\u00e4tt\u00e4v\u00e4\u00e4 tajua, ett\u00e4 t\u00e4llainen oli henkil\u00f6, jonka nimi symboloi yht\u00e4 1900-luvun j\u00e4lkipuoliskon Euroopan pahamaineisinta terroristiorganisaatiota.<\/p>\n\n\n\n<figure class=\"wp-block-image size-full\"><img loading=\"lazy\" decoding=\"async\" width=\"1004\" height=\"335\" src=\"https:\/\/www.polipolina.com\/wp-content\/uploads\/2024\/08\/image-21.png\" alt=\"\" class=\"wp-image-58\" srcset=\"https:\/\/www.polipolina.com\/wp-content\/uploads\/2024\/08\/image-21.png 1004w, https:\/\/www.polipolina.com\/wp-content\/uploads\/2024\/08\/image-21-300x100.png 300w, https:\/\/www.polipolina.com\/wp-content\/uploads\/2024\/08\/image-21-768x256.png 768w\" sizes=\"auto, (max-width: 1004px) 100vw, 1004px\" \/><\/figure>\n\n\n\n<h4 class=\"wp-block-heading\"><strong>Baader \u2013 rentusta terroristiksi<\/strong><\/h4>\n\n\n\n<p>Bader-painotteisempien kappaleiden yhteydess\u00e4 kerrotaan paljon laajemmin 60-luvun Berliinist\u00e4 ja sen kommuuneista ja muista vaihtoehtoryhmittymist\u00e4. Bader itse oli kuitenkin l\u00e4ht\u00f6isin M\u00fcnchenist\u00e4 ja kappaleen kuvaus siit\u00e4, kuinka nuorten harmittoman oloiset \u201dkatubileet\u201d tuon ajan Baijerista p\u00e4\u00e4tyiv\u00e4t rankan poliisin pamputtamisen kohteeksi. J\u00e4lleen t\u00e4st\u00e4 perspektiivist\u00e4 60-luvun emansipaatiota hakevan vasemmiston toiminta asettuu nykyp\u00e4iv\u00e4n n\u00e4k\u00f6kulmasta aika ymm\u00e4rrett\u00e4v\u00e4ksi.<\/p>\n\n\n\n<p>Anders Baader, toisin kuin Meinhoff ei kuitenkaan ollut k\u00e4ynyt l\u00e4pi akatemiaa tai ollut intellektuellinen keskustelija, vaan melkoinen renttuluonne, joka haki vaihtoehtopiireist\u00e4 erilaistaa suuntaa perinteiselle perhe-el\u00e4m\u00e4lle. Vapaan seksin ja ylti\u00f6libreraalin el\u00e4m\u00e4ntavan ohella t\u00e4st\u00e4 kommuniporukasta kuitenkin l\u00f6ytyi Shaahin ja Vietnamin sodan vastaisia protestoijia, joiden toiminta radikalisoitui 67-68 hyvin nopeasti ja Baderin porukassa kilpailtiin siit\u00e4 kuka uskaltaa toteuttaa rajuimman provokaation. Ja Baderin frankfurtilaisten tavaratalojen tuhopolttoa voitoaneen t\u00e4ss\u00e4 kilpailussa pit\u00e4\u00e4 voittajana.<\/p>\n\n\n\n<h4 class=\"wp-block-heading\"><strong>Fischer \u2013 talonvaltaajasta puoluejohtajaksi<\/strong><\/h4>\n\n\n\n<p>Esitellyn kolmikon nuorin Joska Fischer p\u00e4\u00e4tyi kovin eri paikkaan kahden aiemman hahmon kanssa. Siin\u00e4 miss\u00e4 Meinhoff ja Badet tekiv\u00e4t itsemurhan (Fischerin kotikaupungin vankilassa, jossa Ficher itsekin lusi lyhyesti nuoruuden tihut\u00f6ist\u00e4\u00e4n) melkein 50 vuotta sitten, on Fischer edelleen elossa, vaikkakaan ei en\u00e4\u00e4 hetkeen ole ollut aktiivisesti politiikassa.<\/p>\n\n\n\n<p>Ficher kuitenkin ponnisti hyvin samankaltaisesta \u00e4\u00e4rivasemmistolaisesta 60-luvun liikehdinn\u00e4st\u00e4, osallistuen erityisen aktiivisesti talonvaltauskeneen Frankfurtissa, joka oli Berliinin j\u00e4lkeen keskeisimpi\u00e4 60-luvun radikaalien linnoituksia Saksassa. Ficher kulki kuitenkin erilaisen tien, pestautuen autotehtaille yritt\u00e4en verkostoitua ty\u00f6l\u00e4isten kanssa ja ajeli taksia, mutta p\u00e4\u00e4tyi kuitenkin keskeiseksi hahmoksi Saksan vihre\u00e4\u00e4n liikkeeseen ja puolueeseen. Ficherin taustasta ehk\u00e4 hahmottaa my\u00f6s miten Saksan vihre\u00e4 puolue on Suomeen verrattuna selke\u00e4mmin laitavasemmistotaustainen.<\/p>\n\n\n\n<h4 class=\"wp-block-heading\"><strong>Yhteenveto<\/strong><\/h4>\n\n\n\n<p>Suosittelen kirjaa sotien j\u00e4lkeisest\u00e4 Saksasta tai ajan \u00e4\u00e4rivasemmistosta ja opiskelijaliikehdinn\u00e4st\u00e4 kiinnostuneille. Se on mielest\u00e4ni ihan vet\u00e4v\u00e4sti kirjoitettu, toisaalta esitelleen&nbsp; vuoroon per\u00e4\u00e4n sen kolme p\u00e4\u00e4hahmoa, kuitenkin kertoen my\u00f6s laajemmin aikakauden liikehdinn\u00e4st\u00e4. Joku voisi ehk\u00e4 sanoa, ett\u00e4 RAF:n v\u00e4kivallan tekoja ja levitt\u00e4m\u00e4\u00e4 kauhua ei ehk\u00e4 esitelty sen ansaitsemalla intensiteetill\u00e4, mutta se nyt ei ollut minulle kriittinen asia.<\/p>\n","protected":false},"excerpt":{"rendered":"<p>Projekti 20:n Euroopan historiaan ja kulttuurin liittyv\u00e4n kirjan lukemiselle jatkui suomalaisen Katriina Lehto-Bleckertin kirjalla Tulisielut(2021). Kirja alaotsikko Tarina Ulrike Meinhofista, Andreas Baaderista ja Joschka Fischerist\u00e4&hellip;<\/p>\n","protected":false},"author":1,"featured_media":0,"comment_status":"open","ping_status":"open","sticky":false,"template":"","format":"standard","meta":{"footnotes":""},"categories":[3],"tags":[10,20,46,18,26],"class_list":["post-55","post","type-post","status-publish","format-standard","hentry","category-kirja","tag-1900-luku","tag-berliini","tag-laitavasemmisto","tag-saksa","tag-terrorismi"],"_links":{"self":[{"href":"https:\/\/www.polipolina.com\/index.php\/wp-json\/wp\/v2\/posts\/55","targetHints":{"allow":["GET"]}}],"collection":[{"href":"https:\/\/www.polipolina.com\/index.php\/wp-json\/wp\/v2\/posts"}],"about":[{"href":"https:\/\/www.polipolina.com\/index.php\/wp-json\/wp\/v2\/types\/post"}],"author":[{"embeddable":true,"href":"https:\/\/www.polipolina.com\/index.php\/wp-json\/wp\/v2\/users\/1"}],"replies":[{"embeddable":true,"href":"https:\/\/www.polipolina.com\/index.php\/wp-json\/wp\/v2\/comments?post=55"}],"version-history":[{"count":7,"href":"https:\/\/www.polipolina.com\/index.php\/wp-json\/wp\/v2\/posts\/55\/revisions"}],"predecessor-version":[{"id":382,"href":"https:\/\/www.polipolina.com\/index.php\/wp-json\/wp\/v2\/posts\/55\/revisions\/382"}],"wp:attachment":[{"href":"https:\/\/www.polipolina.com\/index.php\/wp-json\/wp\/v2\/media?parent=55"}],"wp:term":[{"taxonomy":"category","embeddable":true,"href":"https:\/\/www.polipolina.com\/index.php\/wp-json\/wp\/v2\/categories?post=55"},{"taxonomy":"post_tag","embeddable":true,"href":"https:\/\/www.polipolina.com\/index.php\/wp-json\/wp\/v2\/tags?post=55"}],"curies":[{"name":"wp","href":"https:\/\/api.w.org\/{rel}","templated":true}]}}