{"id":1312,"date":"2025-01-29T15:45:19","date_gmt":"2025-01-29T15:45:19","guid":{"rendered":"https:\/\/www.polipolina.com\/?p=1312"},"modified":"2025-04-15T15:51:24","modified_gmt":"2025-04-15T15:51:24","slug":"isis-ja-ilmestys-islamilaisetn-valtion-historia-strategia-ja-tuomiopaivan-visio","status":"publish","type":"post","link":"https:\/\/www.polipolina.com\/index.php\/2025\/01\/29\/isis-ja-ilmestys-islamilaisetn-valtion-historia-strategia-ja-tuomiopaivan-visio\/","title":{"rendered":"ISIS ja Ilmestys &#8211; Islamilaisen valtion historia strategia ja tuomiop\u00e4iv\u00e4n visio"},"content":{"rendered":"\n<p>Ajattelin ett\u00e4 projektini <strong><a href=\"https:\/\/www.polipolina.com\/index.php\/10-kirjaa-lahi-idasta\/\" data-type=\"page\" data-id=\"1245\">&#8221;Lue 10 kirjaa L\u00e4hi-id\u00e4st\u00e4&#8221; <\/a><\/strong>olisi hyv\u00e4 sis\u00e4lt\u00e4\u00e4 yksi kirja eksplisiittisesti terrorismista tai jihadismista. T\u00e4m\u00e4n takia kolmanneksi kirjaksi valikoitu Terro Cognitan ja Kimmo Pietil\u00e4isen suomentama kirja <strong>ISIS ja ilmestys: Islamilaisen valtion historia, strategia ja tuomionp\u00e4iv\u00e4n visio<\/strong>.<\/p>\n\n\n<div class=\"wp-block-image\">\n<figure class=\"aligncenter size-large is-resized\"><img loading=\"lazy\" decoding=\"async\" width=\"768\" height=\"1024\" src=\"https:\/\/www.polipolina.com\/wp-content\/uploads\/2025\/01\/1000003953-768x1024.jpg\" alt=\"Isis ja ilmestys kirja\" class=\"wp-image-1332\" style=\"width:507px;height:auto\" srcset=\"https:\/\/www.polipolina.com\/wp-content\/uploads\/2025\/01\/1000003953-768x1024.jpg 768w, https:\/\/www.polipolina.com\/wp-content\/uploads\/2025\/01\/1000003953-225x300.jpg 225w, https:\/\/www.polipolina.com\/wp-content\/uploads\/2025\/01\/1000003953-1152x1536.jpg 1152w, https:\/\/www.polipolina.com\/wp-content\/uploads\/2025\/01\/1000003953-1536x2048.jpg 1536w, https:\/\/www.polipolina.com\/wp-content\/uploads\/2025\/01\/1000003953-scaled.jpg 1920w\" sizes=\"auto, (max-width: 768px) 100vw, 768px\" \/><\/figure>\n<\/div>\n\n\n<h3 class=\"wp-block-heading\">Tiivistelm\u00e4<\/h3>\n\n\n\n<p><strong>William McCantsin <\/strong>2015 julkaisema kirja oli hieman erilainen kuin odotin. L\u00e4hinn\u00e4 kannen ja nimen takia nappaamani kirja ei dokumentoinut kovin tarkkaan viime vuosikymmenen puoliv\u00e4liss\u00e4 huipussaan olleen Irakin ja Syyrian islamilaisen kalifaatin tekemisi\u00e4, vaan kertoi pitk\u00e4sti sen taustasta ja ideologian taustalla vaikuttavista asioista. T\u00e4m\u00e4n olisi toki ehk\u00e4 voinut p\u00e4\u00e4tell\u00e4 jos olisi sis\u00e4ist\u00e4nyt kirjan alaotsikon. Kirja jakautuu kuuteen varsinaiseen kappaleeseen ja johtop\u00e4\u00e4t\u00f6skappaleeseen. Kirjan lopussa on my\u00f6s 15 sivun liiteosio, jossa on k\u00e4\u00e4nneetty uskonnollisia tekstej\u00e4. N\u00e4m\u00e4 15 viimeist\u00e4 sivua j\u00e4tin kokonaan lukematta.<\/p>\n\n\n\n<h3 class=\"wp-block-heading\">Islamislaisen valtion pitk\u00e4 historia<\/h3>\n\n\n\n<p>Yhten\u00e4 olennaisena n\u00e4k\u00f6kulmana ISIS:n tapauksessa on syyt\u00e4 pit\u00e4\u00e4 mieless\u00e4, ettei se ollenkaan ilmestynyt tyhj\u00e4st\u00e4 kylv\u00e4m\u00e4\u00e4n tuhoa Syyrian reilu 10 vuotta sitten. Se oli ehtinyt toimia jo melkein vuosikymmen Irakissa. Olin kuullut t\u00e4m\u00e4n aiemminkin, mutten ehk\u00e4 aivan sis\u00e4ist\u00e4nyt. Kirjana alussa tarinaa l\u00e4hdet\u00e4\u00e4n kertomaan 1999 nuoren jordanialaien Abu Musab al-Zarqawia kautta, joka l\u00e4hti Afganistaniin talibanien vieraaksi ja pitchasi siell\u00e4 ajatusta, ett\u00e4 voisin yritt\u00e4\u00e4 pist\u00e4\u00e4 kalifaattia pystyyn kaksoisvirran maahan. Lopulta talibanien kaaduttua h\u00e4n l\u00e4hti Irakiin juuri ennen Amerikkan invaasiota, jossa h\u00e4nen porukkansa muiden mukana alkoi tehd\u00e4 pommi-iskuja ja muuta j\u00e4yn\u00e4\u00e4 amerikkalaisille miehitt\u00e4jille. My\u00f6hempien kalifaattilaisten tapaan h\u00e4nell\u00e4 oli hyvin ehdoton ideologia, jossa amerikkalaisten ohella shiiat ja turhan maltilliset sunnitkin olivat vihollisia.<\/p>\n\n\n\n<p>T\u00e4m\u00e4 ehdottomuus oli Al Quaidan jonkin johdolle liikaa, koska n\u00e4m\u00e4 olisivat n\u00e4hneet, ett\u00e4 paikallinen v\u00e4est\u00f6 pit\u00e4isi pysty\u00e4 voittamaan omalle puolelle. Porukka kuitenkin haistatti Al Quaidan johdoolle pitk\u00e4t ja ilmoitti julkisesti olemassaolostaan ensimm\u00e4isen kerran 15.10.2006. Linja kuitenkin pysyi armottomana eik\u00e4 pommi-iskujen viattomista siviiliuhreista liikaa murehdittu. Bin Ladenkin kriittinen. Kirjan alussa k\u00e4yd\u00e4\u00e4n lyhyesti my\u00f6s muita islamilaisen kalifaatin perustamisyrityksi\u00e4 Jemeniss\u00e4, Malissa ja Somaliassa, mutta niiss\u00e4 aina ep\u00e4onnistuttiin muiden asioiden ohella sen takia, ett\u00e4 ne olivat kohtuuttoman agressiivisesti valvomassa asukkaidensa puhdasoppisuutta.<\/p>\n\n\n\n<h3 class=\"wp-block-heading\">Vierastaistelijat ja lopun ajan visio<\/h3>\n\n\n\n<p>Toinen kirjan vahvasti esiintuoma n\u00e4\u00f6kulma oli, ett\u00e4 ISIS:n taustaideologiaa perustellaan merkitt\u00e4v\u00e4lt\u00e4 osin vahvalla lopunajan visiolla. Vaikka lopunajanodotteluun on aina voinut l\u00f6yt\u00e4\u00e4 aineita islamin teksteist\u00e4, ei se pitk\u00e4\u00e4n ollut kovin merkitt\u00e4v\u00e4ss\u00e4 roolissa. Mutta siin\u00e4 kohtaa kun amerikkalaiset olivat tulleet Irakiin ja pyhien kirjoitusten keskeisill\u00e4 paikoilla Syyriassa k\u00e4ytiin taisteluita, alkoi lopunajanodottelu tuntua joillekin tolkullisemmalta ja innostaa vierastaistelijoitakin suuntaamaan Syyriaan. Esimerkkin\u00e4 mainitaan Pohjois-Syyrian pikkukaupunki, joka on mainittu pyhiss\u00e4 teksteiss\u00e4 ja siksi ISIS:n taistelijat olivat valmiita taistelemaan loppuun asti merkityksett\u00f6m\u00e4n tuntuisesta pikkukaupungista.<\/p>\n\n\n\n<h3 class=\"wp-block-heading\">Yhteenveto<\/h3>\n\n\n\n<p>Kirja oli tosiaan hieman erilainen kuin odotin eik\u00e4 ehk\u00e4 aivan yht\u00e4 mielenkiintoinen kuin toivoin. Se oli kuitenkin my\u00f6s kohtuullisen napakka ja nopeasti luettu. Mieleen j\u00e4i l\u00e4hinn\u00e4 kaksi mainitsemaani n\u00e4k\u00f6kulmaa eli Syyrian sis\u00e4llisodassa otsikoihin nousseen islamistisen valtion mielikuvia pidempi historia sek\u00e4 apokalyptisyys keskeisen\u00e4 ISIS:n ajatusmaailman osana.<\/p>\n\n\n\n<p><\/p>\n","protected":false},"excerpt":{"rendered":"<p>Ajattelin ett\u00e4 projektini &#8221;Lue 10 kirjaa L\u00e4hi-id\u00e4st\u00e4&#8221; olisi hyv\u00e4 sis\u00e4lt\u00e4\u00e4 yksi kirja eksplisiittisesti terrorismista tai jihadismista. T\u00e4m\u00e4n takia kolmanneksi kirjaksi valikoitu Terro Cognitan ja Kimmo&hellip;<\/p>\n","protected":false},"author":1,"featured_media":0,"comment_status":"open","ping_status":"open","sticky":false,"template":"","format":"standard","meta":{"footnotes":""},"categories":[3],"tags":[73,74,69,47,75,26],"class_list":["post-1312","post","type-post","status-publish","format-standard","hentry","category-kirja","tag-2000-luku","tag-irak","tag-islam","tag-lahi-ita","tag-syyria","tag-terrorismi"],"_links":{"self":[{"href":"https:\/\/www.polipolina.com\/index.php\/wp-json\/wp\/v2\/posts\/1312","targetHints":{"allow":["GET"]}}],"collection":[{"href":"https:\/\/www.polipolina.com\/index.php\/wp-json\/wp\/v2\/posts"}],"about":[{"href":"https:\/\/www.polipolina.com\/index.php\/wp-json\/wp\/v2\/types\/post"}],"author":[{"embeddable":true,"href":"https:\/\/www.polipolina.com\/index.php\/wp-json\/wp\/v2\/users\/1"}],"replies":[{"embeddable":true,"href":"https:\/\/www.polipolina.com\/index.php\/wp-json\/wp\/v2\/comments?post=1312"}],"version-history":[{"count":16,"href":"https:\/\/www.polipolina.com\/index.php\/wp-json\/wp\/v2\/posts\/1312\/revisions"}],"predecessor-version":[{"id":1531,"href":"https:\/\/www.polipolina.com\/index.php\/wp-json\/wp\/v2\/posts\/1312\/revisions\/1531"}],"wp:attachment":[{"href":"https:\/\/www.polipolina.com\/index.php\/wp-json\/wp\/v2\/media?parent=1312"}],"wp:term":[{"taxonomy":"category","embeddable":true,"href":"https:\/\/www.polipolina.com\/index.php\/wp-json\/wp\/v2\/categories?post=1312"},{"taxonomy":"post_tag","embeddable":true,"href":"https:\/\/www.polipolina.com\/index.php\/wp-json\/wp\/v2\/tags?post=1312"}],"curies":[{"name":"wp","href":"https:\/\/api.w.org\/{rel}","templated":true}]}}