{"id":2575,"date":"2025-07-31T15:04:42","date_gmt":"2025-07-31T15:04:42","guid":{"rendered":"https:\/\/www.polipolina.com\/?p=2575"},"modified":"2025-07-31T16:15:15","modified_gmt":"2025-07-31T16:15:15","slug":"janesvilleamerikan-2000-luvun-deindustrialisaatio","status":"publish","type":"post","link":"http:\/\/www.polipolina.com\/index.php\/2025\/07\/31\/janesvilleamerikan-2000-luvun-deindustrialisaatio\/","title":{"rendered":"Janesville &#8211; Amerikan 2000-luvun deindustrialisaatiosta"},"content":{"rendered":"\n<p>Ajattelin jatkaa <strong><a href=\"https:\/\/www.polipolina.com\/index.php\/tag\/usa\/\" data-type=\"post_tag\" data-id=\"39\">Yhdysvaltoja-kuvaavien<\/a><\/strong> kirjojen lukemista. Otin t\u00e4ll\u00e4 kertaa juuri ennen Trumpin aikakautta Yhdysvaltoja kuvaavan tietokirjan ty\u00f6n alle. Kirjaksi valikoitui <strong>Amy Goldsteinin<\/strong> <strong>Janesville &#8211; An American Story<\/strong>, joka kuvaa pienen kaupungin ahdikoa autotehtaan lopettaessa toimintansa siell\u00e4.<\/p>\n\n\n<div class=\"wp-block-image\">\n<figure class=\"aligncenter size-large is-resized\"><img loading=\"lazy\" decoding=\"async\" width=\"768\" height=\"1024\" src=\"https:\/\/www.polipolina.com\/wp-content\/uploads\/2025\/07\/1000004820-768x1024.jpg\" alt=\"Janesville An American story.\" class=\"wp-image-2593\" style=\"width:359px;height:auto\" srcset=\"http:\/\/www.polipolina.com\/wp-content\/uploads\/2025\/07\/1000004820-768x1024.jpg 768w, http:\/\/www.polipolina.com\/wp-content\/uploads\/2025\/07\/1000004820-225x300.jpg 225w, http:\/\/www.polipolina.com\/wp-content\/uploads\/2025\/07\/1000004820-1152x1536.jpg 1152w, http:\/\/www.polipolina.com\/wp-content\/uploads\/2025\/07\/1000004820-1536x2048.jpg 1536w, http:\/\/www.polipolina.com\/wp-content\/uploads\/2025\/07\/1000004820-scaled.jpg 1920w\" sizes=\"auto, (max-width: 768px) 100vw, 768px\" \/><\/figure>\n<\/div>\n\n\n<h3 class=\"wp-block-heading\">Tiivistelm\u00e4<\/h3>\n\n\n\n<p>Kirja kertoo Yhdysvaltain Keskil\u00e4nnen Wisconsinin osavaltion pienehk\u00f6st\u00e4 Janesvillen teollisuuskaupungista. Siell\u00e4 oli vuoteen 2008 General Motorsin vanhin toiminnassa oleva tehdas. Tehdas oli tietysti noin 60 000 asukkaan kaupungille kriittisen t\u00e4rke\u00e4 asia ja sen sulkemisen surkeutta lis\u00e4si ajankohta. Tehdas suljettiin juuri talouskriisin alkuvaiheessa jouluuna 2008. 300- sivuinen kirja jakautuu kuuteen isompaan kokoanaisuuten jotka jokainen k\u00e4sittelev\u00e4t yht\u00e4 vuotta v\u00e4lill\u00e4 2008-2013. Kirja muodostuu kuitenkin lyhyemmist\u00e4 muutamien aukeamien pituisista kappaleista. Pikkukaupungin el\u00e4m\u00e4\u00e4 ja kehityst\u00e4 seurataan lukuisten eri ihmisten kokemusten kautta monista entisist\u00e4 tehdasty\u00f6ntekij\u00f6ist\u00e4 mm. opettajiin, kaupungin lapsiin sek\u00e4 kaupungista kotoisiin olevaan entiseen varapresidenttiehdokas Paul Ryaniin.<\/p>\n\n\n\n<h3 class=\"wp-block-heading\">Deindustrialisaatio ja amerikkalainen pikkukaupunki<\/h3>\n\n\n\n<p>Janesvillle on toisaalta hyvinkin kuvaava mikrokosmos avaamaan Amerikan deindustrialisaatiota ja perinteisten teollisuuskaupunkien asukkaiden ahdinkoa. Autoteollisuus on my\u00f6s esimerkki perinteisest\u00e4 raskaasta teollisuudesta ja vakaista ty\u00f6paikoista, jotka toivat pitk\u00e4\u00e4n miljoonille amerikan ihmisille vaurautta. GM saapui kaupunkiin 1923 vaikka sit\u00e4 ennenkin siell\u00e4 oli kuitenkin ollut jo erilaisia pienempi\u00e4 traktorin ja autonvalmistajia. Janesville oli melkeinp\u00e4 malliesimerkki aikansa teollisuusmallikaupungista. Tuohon aikaan hieman taantuvan tai selv\u00e4sti v\u00e4hemm\u00e4n ty\u00f6voima vaativien maitotilojen riuskoja poikia virtasi kaupunkiin parempiin hommiin. Suuri lama ja toinen maailmansota aiheuttivat hetkellisi\u00e4 katkoksia tuotantoon, mutta kaupunki p\u00e4rj\u00e4si edelleen hyvin ja 70-luvun deindustrialisaatoon j\u00e4lkeenkin. Viel\u00e4 niinkin hiljattain kuin 2005 kun paljon GM:n tehtaita suljettiin, Janesville s\u00e4\u00e4styi.<\/p>\n\n\n\n<figure class=\"wp-block-image size-large\"><img loading=\"lazy\" decoding=\"async\" width=\"1024\" height=\"594\" src=\"https:\/\/www.polipolina.com\/wp-content\/uploads\/2025\/07\/Janesville-1024x594.png\" alt=\"Janesville USA\" class=\"wp-image-2718\" srcset=\"http:\/\/www.polipolina.com\/wp-content\/uploads\/2025\/07\/Janesville-1024x594.png 1024w, http:\/\/www.polipolina.com\/wp-content\/uploads\/2025\/07\/Janesville-300x174.png 300w, http:\/\/www.polipolina.com\/wp-content\/uploads\/2025\/07\/Janesville-768x446.png 768w, http:\/\/www.polipolina.com\/wp-content\/uploads\/2025\/07\/Janesville.png 1151w\" sizes=\"auto, (max-width: 1024px) 100vw, 1024px\" \/><\/figure>\n\n\n\n<p>Alkuper\u00e4isess\u00e4 kes\u00e4n 2008 ilmoituksessa sanottiin, ett\u00e4 tuotanto loppuisi 2010, mutta finanssikriisin alkurytin\u00e4 muutti p\u00e4iv\u00e4m\u00e4\u00e4r\u00e4n jo joulun 2008 edustalle. Tehtaasta riippuvat yrittiv\u00e4t kovasti k\u00e4yd\u00e4 kauppaa GM:n kanssa josko tehtaalle saataisiin korvaava tuotantoa katumaastureiden sijaan ja laadittiin suunnitelmia houkuttelevista verohelpotuksia ja muuta, mutta se ei auttanut. T\u00e4m\u00e4n j\u00e4lkeen viel\u00e4 el\u00e4teltiin ep\u00e4realistisesti toiveita, ett\u00e4 tuotantoa saattaisi tulla takaisin kun Janesville ei ollut GM:n tehdaslistauksissa lopullisesti suljettu vaan se oli luokiteltu teoriassa mahdollisesti uudelleen avautuvaksi.<\/p>\n\n\n\n<p>Paljon entisi\u00e4 ty\u00f6ntekij\u00f6it\u00e4 p\u00e4\u00e4si &#8221;onnekseen&#8221; sent\u00e4\u00e4n t\u00f6ihin muihin GM:n tehtaisiin. He pystyiv\u00e4t pit\u00e4m\u00e4\u00e4n perheist\u00e4\u00e4n huolta taloudellisesti, mutta el\u00e4m\u00e4 perheist\u00e4 kaukana kotoa ja viikonloppusiirtym\u00e4t kotikaupunkiin luonnollisesti raskaita ja t\u00e4m\u00e4 alkoi n\u00e4ky\u00e4 my\u00f6s perheiden lapsissa. Kirjan parhaita kappaleita oli kuvaus kun &#8221;siirtoty\u00f6l\u00e4iset&#8221; tulevat porukalla takaisiin kotiin yhteiskyydeill\u00e4 autoissaan.<\/p>\n\n\n\n<h3 class=\"wp-block-heading\">Uudelleenkoulutus<\/h3>\n\n\n\n<p>Uudelleenkoulutuksesta tuli hetkellisesti merkitt\u00e4v\u00e4mpi uusi toimiala Janesvilleen ja sen voimaan Amerikassa uskottiin paljom. Tehdasty\u00f6n menetys oli kaikille tietysti merkitt\u00e4v\u00e4 asia, mutta toisille viel\u00e4 hankalampi, jos ei ollut opiskellut yli 20 vuoteen eik\u00e4 ennen sit\u00e4k\u00e4\u00e4n kovin menestyksekk\u00e4\u00e4sti ja osannut nyt edes k\u00e4ytt\u00e4\u00e4 Microsoft Wordia. Joillekkin se oli mentaalisesti hankalaa. Esimerkkin\u00e4 kun kolmannen polven AY-toiminnassa mukanu ollut joutui HR-ty\u00f6h\u00f6n neuvottelup\u00f6yd\u00e4n toiselle puolelle. Tai kun muutamat ihmiset kouluttautuvat vanginvartijoiksi tajuamatta ettei se t\u00e4ysin sovikaan heille. N\u00e4ille ihmisille se toi kuitenkin uuden ty\u00f6n. Monille se ei tuonut sit\u00e4k\u00e4\u00e4n tai valtavasti huonomman kuin ennen ja ja huonomman kuin mihin varsinaisesi yritti kouluttautua.<\/p>\n\n\n\n<h3 class=\"wp-block-heading\">Kerrannaisvaikutukset ja sopeutuminen<\/h3>\n\n\n\n<p>Tehtaan merkitys ymm\u00e4rrettiin ja tajuttiin, ett\u00e4 sill\u00e4 on kerrannaisvaikutuksia esimerkiksi alihankkijoihin, mutta kaikkia niit\u00e4 ja niiden merkityksellisyytt\u00e4 ei v\u00e4ltt\u00e4m\u00e4tt\u00e4 kuitenkaan heti tajuttu, miten paljon vaikutuksia on rakentamiseen ja palvelualoille. K\u00f6yh\u00e4t ja juurijuuri toimeentulvat saavat ty\u00f6nhakijakilpailijoiksi keskiluokkaisempia entisi\u00e4 tehdasty\u00f6ntekij\u00f6ist\u00e4. Aiemmin kaupungissa melko tuntemattomat kodittomuus ja krooninen teinien k\u00f6yhyys tulivat n\u00e4kyviksi ilmi\u00f6iksi Monet teinit alkoivat k\u00e4yd\u00e4 osa-aikat\u00f6iss\u00e4 ja auttaa sit\u00e4 kautta vanhempiaan jos vain pystyiv\u00e4t. Yksi kirjan p\u00e4\u00e4hahmoista, joka oli uudelleenkoulutusohjelman menestyji\u00e4 tekee itsemurhan&#8230;pillereill\u00e4&#8230;Itsemurhien m\u00e4\u00e4r\u00e4 kaksinkertaistui Janesvillessa nopeasti tehtaan sulkemisen j\u00e4lkeen. Monien ylpeydelle oli my\u00f6s kohtuuttoman vaikeaa turvautua hyv\u00e4ntekev\u00e4isyyteen tai valtion apuun.<\/p>\n\n\n\n<h3 class=\"wp-block-heading\">Paul Ryan ja Scott Walker<\/h3>\n\n\n\n<p>Kirjan yksi mielenkiintoinen fakta on, ett\u00e4 2012 varapresidenttiehdokas ja ennen MAGA-aikakautta nousussa ollut t\u00e4htipoliitikko Paul Ryan on kotoisin juuri Janesvillesta. H\u00e4n oli jo 2008 nouseva nuorehko politiikko, joka oli mukana neuvotteluissa, jotta tehdas pystyisi jatkaman kaupungissa, mutta Ryan alkoi pian keskitty\u00e4 yh\u00e4 enemm\u00e4n valtakunnanpolitiikaan j\u00e4tt\u00e4en kotikaupunkinsa tapahtumat taustalle. Toisena poliitikkona mainitaan esivaalien presidenttiehdokkaanakin py\u00f6r\u00e4hty\u00e4nyt Scott Walker, joka ty\u00f6paikkojen kadotessa ja tilanteen kurjistuessa haki s\u00e4\u00e4st\u00f6j\u00e4 ja syntipukkeja julkisen sektorin ty\u00f6ntekij\u00f6ist\u00e4 kuten opettajista, joiden asemaa l\u00e4hti systemaattisesti heikent\u00e4m\u00e4\u00e4n. Wisconisinissa olikin suuret taistelut julkisen sektorin ty\u00f6ntekij\u00f6iden ja republikaanien kurjistamispolitiikan v\u00e4lill\u00e4&#8230;jonka j\u00e4lkimm\u00e4isen\u00e4 mainittu voitti.<\/p>\n\n\n\n<h3 class=\"wp-block-heading\">Yhteenveto<\/h3>\n\n\n\n<p>Kirja oli eritt\u00e4in hyvin kirjoitettu. Se veti mukaansa ja oli monesta n\u00e4k\u00f6kulmasta rakennettu kokonaiskuva 2000-luvun deindustrialisaatiosta yhden amerikkalaisen kaupungin kautta kerrottuna. Tykk\u00e4sin ehdottomasti kirjasta. Paikalliskuvauksen ja hahmojen ohella se ei ehk\u00e4 kuitenkaan antanut niin paljon uutta ymm\u00e4rryst\u00e4 siit\u00e4, milt\u00e4 deindustrialisaatio pienemmiss\u00e4 kaupungeissa tarkoittaa. Ihan hyv\u00e4 kirja taustoittamaan yht\u00e4 osaa nyky-Amerikasta.<\/p>\n\n\n\n<p><\/p>\n","protected":false},"excerpt":{"rendered":"<p>Ajattelin jatkaa Yhdysvaltoja-kuvaavien kirjojen lukemista. Otin t\u00e4ll\u00e4 kertaa juuri ennen Trumpin aikakautta Yhdysvaltoja kuvaavan tietokirjan ty\u00f6n alle. Kirjaksi valikoitui Amy Goldsteinin Janesville &#8211; An American&hellip;<\/p>\n","protected":false},"author":1,"featured_media":0,"comment_status":"open","ping_status":"open","sticky":false,"template":"","format":"standard","meta":{"footnotes":""},"categories":[3],"tags":[73,92,93,24,39],"class_list":["post-2575","post","type-post","status-publish","format-standard","hentry","category-kirja","tag-2000-luku","tag-deindustrialisaatio","tag-keskilansi","tag-politiikka","tag-usa"],"_links":{"self":[{"href":"http:\/\/www.polipolina.com\/index.php\/wp-json\/wp\/v2\/posts\/2575","targetHints":{"allow":["GET"]}}],"collection":[{"href":"http:\/\/www.polipolina.com\/index.php\/wp-json\/wp\/v2\/posts"}],"about":[{"href":"http:\/\/www.polipolina.com\/index.php\/wp-json\/wp\/v2\/types\/post"}],"author":[{"embeddable":true,"href":"http:\/\/www.polipolina.com\/index.php\/wp-json\/wp\/v2\/users\/1"}],"replies":[{"embeddable":true,"href":"http:\/\/www.polipolina.com\/index.php\/wp-json\/wp\/v2\/comments?post=2575"}],"version-history":[{"count":37,"href":"http:\/\/www.polipolina.com\/index.php\/wp-json\/wp\/v2\/posts\/2575\/revisions"}],"predecessor-version":[{"id":2720,"href":"http:\/\/www.polipolina.com\/index.php\/wp-json\/wp\/v2\/posts\/2575\/revisions\/2720"}],"wp:attachment":[{"href":"http:\/\/www.polipolina.com\/index.php\/wp-json\/wp\/v2\/media?parent=2575"}],"wp:term":[{"taxonomy":"category","embeddable":true,"href":"http:\/\/www.polipolina.com\/index.php\/wp-json\/wp\/v2\/categories?post=2575"},{"taxonomy":"post_tag","embeddable":true,"href":"http:\/\/www.polipolina.com\/index.php\/wp-json\/wp\/v2\/tags?post=2575"}],"curies":[{"name":"wp","href":"https:\/\/api.w.org\/{rel}","templated":true}]}}